{"id":13121,"date":"2024-02-29T14:27:33","date_gmt":"2024-02-29T14:27:33","guid":{"rendered":"https:\/\/www.germancentre.com\/?p=13121"},"modified":"2024-04-16T12:46:31","modified_gmt":"2024-04-16T12:46:31","slug":"iwd-fruehstuecks-event-frauen-in-fuehrungspositionen","status":"publish","type":"post","link":"https:\/\/www.germancentre.com\/en\/news\/iwd-breakfast-event-women-in-management-positions\/","title":{"rendered":"IWD breakfast event: Women in management positions"},"content":{"rendered":"<p><div class=\"fusion-fullwidth fullwidth-box fusion-builder-row-1 fusion-flex-container has-pattern-background has-mask-background nonhundred-percent-fullwidth non-hundred-percent-height-scrolling opener mobile-padding \" style=\"--awb-border-radius-top-left:0px;--awb-border-radius-top-right:0px;--awb-border-radius-bottom-right:0px;--awb-border-radius-bottom-left:0px;--awb-padding-bottom:0px;--awb-background-color:var(--awb-custom_color_1);--awb-background-image:linear-gradient(180deg, var(--awb-custom_color_1) 80%,var(--awb-color1) 80%);--awb-flex-wrap:wrap;\" ><div class=\"fusion-builder-row fusion-row fusion-flex-align-items-center fusion-flex-content-wrap\" style=\"max-width:1539.2px;margin-left: calc(-4% \/ 2 );margin-right: calc(-4% \/ 2 );\"><div class=\"fusion-layout-column fusion_builder_column fusion-builder-column-0 fusion_builder_column_1_1 1_1 fusion-flex-column fusion-animated\" style=\"--awb-bg-size:cover;--awb-width-large:100%;--awb-margin-top-large:0px;--awb-spacing-right-large:1.92%;--awb-margin-bottom-large:0px;--awb-spacing-left-large:1.92%;--awb-width-medium:100%;--awb-order-medium:0;--awb-spacing-right-medium:1.92%;--awb-spacing-left-medium:1.92%;--awb-width-small:100%;--awb-order-small:0;--awb-spacing-right-small:1.92%;--awb-spacing-left-small:1.92%;\" data-animationType=\"fadeInLeft\" data-animationDuration=\"0.5\" data-animationOffset=\"top-into-view\"><div class=\"fusion-column-wrapper fusion-column-has-shadow fusion-flex-justify-content-flex-start fusion-content-layout-column\"><div class=\"fusion-title title fusion-title-1 fusion-sep-none fusion-title-text fusion-title-size-one text-white head-1\" style=\"--awb-margin-top-small:10px;--awb-margin-right-small:0px;--awb-margin-bottom-small:10px;--awb-margin-left-small:0px;\"><h1 class=\"fusion-title-heading title-heading-left\" style=\"margin:0;\">Event<\/h1><\/div><div class=\"fusion-title title fusion-title-2 fusion-sep-none fusion-title-text fusion-title-size-two text-white head-2 \" style=\"--awb-margin-top-small:10px;--awb-margin-right-small:0px;--awb-margin-bottom-small:10px;--awb-margin-left-small:0px;\"><h2 class=\"fusion-title-heading title-heading-left\" style=\"margin:0;\">IWD Breakfast with Women in Leadership<\/h2><\/div><div class=\"fusion-builder-row fusion-builder-row-inner fusion-row fusion-flex-align-items-center fusion-flex-content-wrap\" style=\"--awb-flex-grow:0;--awb-flex-grow-medium:0;--awb-flex-grow-small:0;--awb-flex-shrink:0;--awb-flex-shrink-medium:0;--awb-flex-shrink-small:0;width:104% !important;max-width:104% !important;margin-left: calc(-4% \/ 2 );margin-right: calc(-4% \/ 2 );\"><div class=\"fusion-layout-column fusion_builder_column_inner fusion-builder-nested-column-0 fusion_builder_column_inner_1_2 1_2 fusion-flex-column fusion-flex-align-self-flex-start\" style=\"--awb-bg-size:cover;--awb-width-large:50%;--awb-margin-top-large:0px;--awb-spacing-right-large:3.84%;--awb-margin-bottom-large:0px;--awb-spacing-left-large:3.84%;--awb-width-medium:50%;--awb-order-medium:0;--awb-spacing-right-medium:3.84%;--awb-spacing-left-medium:3.84%;--awb-width-small:100%;--awb-order-small:0;--awb-spacing-right-small:1.92%;--awb-spacing-left-small:1.92%;\"><div class=\"fusion-column-wrapper fusion-column-has-shadow fusion-flex-justify-content-flex-start fusion-content-layout-column\"><ul style=\"--awb-textcolor:var(--awb-color1);--awb-line-height:27.2px;--awb-icon-width:27.2px;--awb-icon-height:27.2px;--awb-icon-margin:11.2px;--awb-content-margin:38.4px;--awb-circlecolor:transparent;--awb-circle-yes-font-size:14.08px;\" class=\"fusion-checklist fusion-checklist-1 fusion-checklist-default type-icons checklist-event\"><li class=\"fusion-li-item\" style=\"\"><span class=\"icon-wrapper circle-yes\"><i class=\"fusion-li-icon fa-clock far\" aria-hidden=\"true\"><\/i><\/span><div class=\"fusion-li-item-content\">08 Mar 2024<\/div><\/li><li class=\"fusion-li-item\" style=\"\"><span class=\"icon-wrapper circle-yes\"><i class=\"fusion-li-icon fa-hospital far\" aria-hidden=\"true\"><\/i><\/span><div class=\"fusion-li-item-content\"><a href=\"https:\/\/goo.gl\/maps\/kkfTnUXwJgZViRaQ7\" target=\"_blank\" rel=\"noopener\">German Centre Beijing<\/a><\/div><\/li><\/ul><div ><a class=\"fusion-button button-flat fusion-button-default-size button-default fusion-button-default button-1 fusion-button-default-span fusion-button-default-type\" target=\"_self\" href=\"https:\/\/www.bagevent.com\/event\/8783183#register\"><span class=\"fusion-button-text awb-button__text awb-button__text--default\">Register Now<\/span><\/a><\/div><\/div><\/div><div class=\"fusion-layout-column fusion_builder_column_inner fusion-builder-nested-column-1 fusion_builder_column_inner_1_2 1_2 fusion-flex-column fusion-flex-align-self-flex-start\" style=\"--awb-bg-size:cover;--awb-width-large:50%;--awb-margin-top-large:0px;--awb-spacing-right-large:3.84%;--awb-margin-bottom-large:0px;--awb-spacing-left-large:3.84%;--awb-width-medium:50%;--awb-order-medium:0;--awb-spacing-right-medium:3.84%;--awb-spacing-left-medium:3.84%;--awb-width-small:100%;--awb-order-small:0;--awb-spacing-right-small:1.92%;--awb-spacing-left-small:1.92%;\"><div class=\"fusion-column-wrapper fusion-column-has-shadow fusion-flex-justify-content-flex-start fusion-content-layout-column\"><ul style=\"--awb-textcolor:var(--awb-color1);--awb-line-height:27.2px;--awb-icon-width:27.2px;--awb-icon-height:27.2px;--awb-icon-margin:11.2px;--awb-content-margin:38.4px;--awb-circlecolor:transparent;--awb-circle-yes-font-size:14.08px;\" class=\"fusion-checklist fusion-checklist-2 fusion-checklist-default type-icons checklist-event\"><li class=\"fusion-li-item\" style=\"\"><span class=\"icon-wrapper circle-yes\"><i class=\"fusion-li-icon fa-user far\" aria-hidden=\"true\"><\/i><\/span><div class=\"fusion-li-item-content\">offline<\/div><\/li><\/ul><\/div><\/div><\/div><\/div><\/div><div class=\"fusion-layout-column fusion_builder_column fusion-builder-column-1 fusion_builder_column_1_1 1_1 fusion-flex-column fusion-flex-align-self-flex-start fusion-animated floating-gallery\" style=\"--awb-bg-size:cover;--awb-width-large:100%;--awb-margin-top-large:0px;--awb-spacing-right-large:1.92%;--awb-margin-bottom-large:0px;--awb-spacing-left-large:1.92%;--awb-width-medium:100%;--awb-order-medium:0;--awb-spacing-right-medium:1.92%;--awb-spacing-left-medium:1.92%;--awb-width-small:100%;--awb-order-small:0;--awb-spacing-right-small:1.92%;--awb-spacing-left-small:1.92%;\" data-animationType=\"fadeInRight\" data-animationDuration=\"0.5\" data-animationOffset=\"top-into-view\"><div class=\"fusion-column-wrapper fusion-column-has-shadow fusion-flex-justify-content-center fusion-content-layout-row\"><div class=\"fusion-builder-row fusion-builder-row-inner fusion-row fusion-flex-align-items-center fusion-flex-content-wrap\" style=\"--awb-flex-grow:0;--awb-flex-grow-medium:0;--awb-flex-grow-small:0;--awb-flex-shrink:0;--awb-flex-shrink-medium:0;--awb-flex-shrink-small:0;width:104% !important;max-width:104% !important;margin-left: calc(-4% \/ 2 );margin-right: calc(-4% \/ 2 );\"><div class=\"fusion-layout-column fusion_builder_column_inner fusion-builder-nested-column-2 fusion_builder_column_inner_1_1 1_1 fusion-flex-column fusion-flex-align-self-flex-start only-one-image\" style=\"--awb-bg-size:cover;--awb-width-large:100%;--awb-margin-top-large:0px;--awb-spacing-right-large:1.92%;--awb-margin-bottom-large:0px;--awb-spacing-left-large:1.92%;--awb-width-medium:100%;--awb-order-medium:0;--awb-spacing-right-medium:1.92%;--awb-spacing-left-medium:1.92%;--awb-width-small:100%;--awb-order-small:0;--awb-spacing-right-small:1.92%;--awb-spacing-left-small:1.92%;\"><div class=\"fusion-column-wrapper fusion-column-has-shadow fusion-flex-justify-content-flex-start fusion-content-layout-column\"><div class=\"fusion-image-element \" style=\"--awb-caption-title-font-family:var(--h2_typography-font-family);--awb-caption-title-font-weight:var(--h2_typography-font-weight);--awb-caption-title-font-style:var(--h2_typography-font-style);--awb-caption-title-size:var(--h2_typography-font-size);--awb-caption-title-transform:var(--h2_typography-text-transform);--awb-caption-title-line-height:var(--h2_typography-line-height);--awb-caption-title-letter-spacing:var(--h2_typography-letter-spacing);\"><span class=\" fusion-imageframe imageframe-none imageframe-1 hover-type-none\"><img decoding=\"async\" width=\"840\" height=\"512\" alt=\"International Women\u2019s Day Event\" title=\"International Women\u2019s Day Event\" src=\"https:\/\/www.germancentre.com\/wp-content\/uploads\/2023\/12\/International-Womens-Day-1920-x-1080-px-840-x-512-px.png\" class=\"img-responsive wp-image-12954\" srcset=\"https:\/\/www.germancentre.com\/wp-content\/uploads\/2023\/12\/International-Womens-Day-1920-x-1080-px-840-x-512-px-200x122.png 200w, https:\/\/www.germancentre.com\/wp-content\/uploads\/2023\/12\/International-Womens-Day-1920-x-1080-px-840-x-512-px-400x244.png 400w, https:\/\/www.germancentre.com\/wp-content\/uploads\/2023\/12\/International-Womens-Day-1920-x-1080-px-840-x-512-px-600x366.png 600w, https:\/\/www.germancentre.com\/wp-content\/uploads\/2023\/12\/International-Womens-Day-1920-x-1080-px-840-x-512-px-800x488.png 800w, https:\/\/www.germancentre.com\/wp-content\/uploads\/2023\/12\/International-Womens-Day-1920-x-1080-px-840-x-512-px.png 840w\" sizes=\"(max-width: 1023px) 100vw, 840px\" \/><\/span><\/div><\/div><\/div><\/div><\/div><\/div><\/div><\/div><div class=\"fusion-fullwidth fullwidth-box fusion-builder-row-2 fusion-flex-container has-pattern-background has-mask-background nonhundred-percent-fullwidth non-hundred-percent-height-scrolling max-content \" style=\"--awb-border-radius-top-left:0px;--awb-border-radius-top-right:0px;--awb-border-radius-bottom-right:0px;--awb-border-radius-bottom-left:0px;--awb-padding-bottom:0px;--awb-background-color:var(--awb-color1);--awb-background-image:linear-gradient(180deg, var(--awb-color1) 90%,var(--awb-color1) 90%);--awb-flex-wrap:wrap;\" ><div class=\"fusion-builder-row fusion-row fusion-flex-align-items-center fusion-flex-content-wrap\" style=\"max-width:1539.2px;margin-left: calc(-4% \/ 2 );margin-right: calc(-4% \/ 2 );\"><div class=\"fusion-layout-column fusion_builder_column fusion-builder-column-2 fusion_builder_column_1_1 1_1 fusion-flex-column fusion-flex-align-self-flex-start fusion-animated\" style=\"--awb-bg-size:cover;--awb-width-large:100%;--awb-margin-top-large:0px;--awb-spacing-right-large:1.92%;--awb-margin-bottom-large:20px;--awb-spacing-left-large:1.92%;--awb-width-medium:100%;--awb-order-medium:0;--awb-spacing-right-medium:1.92%;--awb-spacing-left-medium:1.92%;--awb-width-small:100%;--awb-order-small:0;--awb-spacing-right-small:1.92%;--awb-spacing-left-small:1.92%;\" data-animationType=\"fadeInUp\" data-animationDuration=\"0.5\" data-animationOffset=\"top-into-view\"><div class=\"fusion-column-wrapper fusion-column-has-shadow fusion-flex-justify-content-center fusion-content-layout-column\"><div class=\"fusion-title title fusion-title-3 fusion-sep-none fusion-title-text fusion-title-size-three head-5\" style=\"--awb-margin-top-small:10px;--awb-margin-right-small:0px;--awb-margin-bottom-small:10px;--awb-margin-left-small:0px;\"><h3 class=\"fusion-title-heading title-heading-left\" style=\"margin:0;\">Stories sharing, Panel discussions, Breakfast &amp; Networking<\/h3><\/div><div class=\"fusion-text fusion-text-1\"><p>Women in business have made great achievements over the years and still can do!<\/p>\n<p>Learn valuable insights from our accomplished speakers as they share their remarkable career journeys. Engage in inspirational panel discussions and connect with like-minded professionals to amplify your network.<\/p>\n<p>This event is designed to create a safe space for meaningful dialogues and foster mutual upliftment between women. Together, let\u2019s inspire inclusion, break barriers and facilitate a more empowering environment for every woman to thrive in her professional journey.<\/p>\n<\/div><div class=\"fusion-title title fusion-title-4 fusion-sep-none fusion-title-text fusion-title-size-three head-5\" style=\"--awb-margin-top-small:10px;--awb-margin-right-small:0px;--awb-margin-bottom-small:10px;--awb-margin-left-small:0px;\"><h3 class=\"fusion-title-heading title-heading-left\" style=\"margin:0;\">Agenda<\/h3><\/div><div class=\"fusion-text fusion-text-2\"><p>08:30-08:45h \u2013 breakfast &amp; networking<br \/>\nNetworking facilitator: Bingo Game<\/p>\n<p>08:45-08:50h &#8211; Welcome and introduction<br \/>\nMs. Ute Papadopoulos<br \/>\nBoard Member, German Centre Beijing;<br \/>\nDirector, German Centre for Industry and Trade GmbH<br \/>\nMs. Kathrin Wolfsgruber<br \/>\nDeputy Executive Director, German Chamber of Commerce China \u00b7 North China<\/p>\n<p>08:50-09:20 \u2013 Stories sharing<br \/>\nStella Yao, Business Director, Global Marketing &amp; Brand, smart Automobile<br \/>\nKathrin von Rechenberg, Textile Artist and Founder of Rechenberg<\/p>\n<p>09:20-10:10 \u2013 Panel discussion and Q&amp;A<br \/>\nZang Xinting, Head of HR Compliance and Diversity, Volkswagen<br \/>\nMiranda Yan, Deputy General Manager, 751D Park<br \/>\nSylvia Pan, General Manager, Beijing &amp; Shenzhen Family United Hospitals<br \/>\nEike Westerholt, Global Leadership &amp; Mental Fitness Coach<\/p>\n<p>10:10 \u2013 10:30 \u2013 Networking &amp; refreshment<\/p>\n<\/div><\/div><\/div><\/div><\/div><div class=\"fusion-fullwidth fullwidth-box fusion-builder-row-3 fusion-flex-container has-pattern-background has-mask-background nonhundred-percent-fullwidth non-hundred-percent-height-scrolling mobile-padding max-content\" style=\"--awb-border-radius-top-left:0px;--awb-border-radius-top-right:0px;--awb-border-radius-bottom-right:0px;--awb-border-radius-bottom-left:0px;--awb-background-color:var(--awb-color1);--awb-background-image:linear-gradient(180deg, var(--awb-color1) 30%,var(--awb-color1) 30%);--awb-flex-wrap:wrap;\" ><div class=\"fusion-builder-row fusion-row fusion-flex-align-items-flex-start fusion-flex-content-wrap\" style=\"max-width:1539.2px;margin-left: calc(-4% \/ 2 );margin-right: calc(-4% \/ 2 );\"><div class=\"fusion-layout-column fusion_builder_column fusion-builder-column-3 fusion_builder_column_1_1 1_1 fusion-flex-column fusion-animated\" style=\"--awb-bg-size:cover;--awb-width-large:100%;--awb-margin-top-large:0px;--awb-spacing-right-large:1.92%;--awb-margin-bottom-large:0px;--awb-spacing-left-large:1.92%;--awb-width-medium:100%;--awb-order-medium:0;--awb-spacing-right-medium:1.92%;--awb-spacing-left-medium:1.92%;--awb-width-small:100%;--awb-order-small:0;--awb-spacing-right-small:1.92%;--awb-spacing-left-small:1.92%;\" data-animationType=\"fadeInUp\" data-animationDuration=\"0.5\" data-animationOffset=\"top-into-view\"><div class=\"fusion-column-wrapper fusion-column-has-shadow fusion-flex-justify-content-flex-start fusion-content-layout-column\"><div class=\"fusion-title title fusion-title-5 fusion-sep-none fusion-title-center fusion-title-text fusion-title-size-five head-1\" style=\"--awb-margin-top-small:10px;--awb-margin-right-small:0px;--awb-margin-bottom-small:10px;--awb-margin-left-small:0px;\"><h5 class=\"fusion-title-heading title-heading-center\" style=\"margin:0;\">Similar articles<\/h5><\/div><div class=\"fusion-title title fusion-title-6 fusion-sep-none fusion-title-center fusion-title-text fusion-title-size-six head-2\" style=\"--awb-margin-top-small:10px;--awb-margin-right-small:0px;--awb-margin-bottom-small:10px;--awb-margin-left-small:0px;\"><h6 class=\"fusion-title-heading title-heading-center\" style=\"margin:0;\">More from German Centre Beijing<\/h6><\/div><div class=\"fusion-separator fusion-full-width-sep\" style=\"align-self: center;margin-left: auto;margin-right: auto;margin-bottom:2em;width:100%;\"><\/div><div class=\"fusion-blog-shortcode fusion-blog-shortcode-1 fusion-blog-archive fusion-blog-layout-grid-wrapper fusion-blog-no preview-posts\" style=\"margin-right:0px;margin-left:0px;--awb-title-font-size:var(--awb-typography2-font-size);--awb-title-line-height:var(--awb-typography2-line-height);--awb-title-letter-spacing:var(--awb-typography2-letter-spacing);--awb-title-text-transform:var(--awb-typography2-text-transform);--awb-title-font-family:var(--awb-typography2-font-family);--awb-title-font-weight:var(--awb-typography2-font-weight);--awb-title-font-style:var(--awb-typography2-font-style);--grid_separator_color:rgba(255,255,255,0);\"><style type=\"text\/css\">.fusion-blog-shortcode-1 .fusion-blog-layout-grid .fusion-post-grid{padding:30px;}.fusion-blog-shortcode-1 .fusion-posts-container{margin-left: -30px !important; margin-right:-30px !important;}<\/style><div class=\"fusion-posts-container fusion-posts-container-no fusion-blog-layout-grid fusion-blog-layout-grid-2 isotope fusion-blog-equal-heights\" data-pages=\"1\" data-grid-col-space=\"60\" style=\"margin: -30px -30px 0;min-height:500px;\"><article id=\"blog-1-post-4814\" class=\"fusion-post-grid post-4814 post type-post status-publish format-standard has-post-thumbnail hentry category-past-events-en tag-peking-en\">\n<div class=\"fusion-post-wrapper\" style=\"background-color:var(--awb-color1);border:1px solid var(--awb-color1);border-bottom-width:3px;\">\n\n\t\t\t<div class=\"fusion-flexslider flexslider fusion-flexslider-loading fusion-post-slideshow\" style=\"border-color:var(--awb-color1);\">\n\t\t<ul class=\"slides\">\n\t\t\t\n\t\t\t\t\t\t\t\t\t\t\t\t\t\t<li><div  class=\"fusion-image-wrapper\" aria-haspopup=\"true\">\n\t\t\t\t\t\t\t<a href=\"https:\/\/www.germancentre.com\/en\/events\/china-medtech\/\" aria-label=\"China Medtech\">\n\t\t\t\t\t\t\t<img decoding=\"async\" width=\"740\" height=\"522\" src=\"https:\/\/www.germancentre.com\/wp-content\/uploads\/2023\/03\/china-medtech-seminar-series.jpg\" class=\"attachment-full size-full wp-post-image\" alt=\"China Medtech Seminar Series\" srcset=\"https:\/\/www.germancentre.com\/wp-content\/uploads\/2023\/03\/china-medtech-seminar-series-200x141.jpg 200w, https:\/\/www.germancentre.com\/wp-content\/uploads\/2023\/03\/china-medtech-seminar-series-400x282.jpg 400w, https:\/\/www.germancentre.com\/wp-content\/uploads\/2023\/03\/china-medtech-seminar-series-600x423.jpg 600w, https:\/\/www.germancentre.com\/wp-content\/uploads\/2023\/03\/china-medtech-seminar-series.jpg 740w\" sizes=\"(min-width: 2200px) 100vw, (min-width: 717px) 710px, (min-width: 640px) 717px, \" \/>\t\t\t<\/a>\n\t\t\t\t\t\t\t<\/div>\n<\/li>\n\t\t\t\n\t\t\t\n\t\t\t\t\t\t\t\t\t\t\t\t\t\t\t\t\t\t\t\t\t\t\t\t\t\t\t\t\t\t\t\t\t\t\t\t\t\t\t\t\t\t\t\t\t\t\t\t\t\t\t\t\t\t\t\t\t\t\t\t\t\t\t\t\t\t\t\t<\/ul>\n\t<\/div>\n\t<div class=\"fusion-post-content-wrapper\" style=\"padding:30px 25px 25px 25px;\"><div class=\"fusion-post-content post-content\"><h3 class=\"blog-shortcode-post-title entry-title\"><a href=\"https:\/\/www.germancentre.com\/en\/events\/china-medtech\/\">China Medtech<\/a><\/h3><p class=\"fusion-single-line-meta\"><span class=\"vcard\" style=\"display: none;\"><span class=\"fn\"><a href=\"https:\/\/www.germancentre.com\/en\/author\/german-centres\/\" title=\"Posts by German Centres\" rel=\"author\">German Centres<\/a><\/span><\/span><span class=\"updated\" style=\"display:none;\">2025-03-18T09:10:34+00:00<\/span><a href=\"https:\/\/www.germancentre.com\/en\/past-events-en\/\" rel=\"category tag\">Past Events<\/a><span class=\"fusion-inline-sep\">|<\/span><\/p><div class=\"fusion-content-sep sep-none\"><\/div><div class=\"fusion-post-content-container\"><p>Join our seminar series and learn more about the opportunities for innovative German solutions in China's fast-growing medtech market.<\/p><\/div><\/div><div class=\"fusion-meta-info\"><div class=\"fusion-alignleft\"><a class=\"fusion-read-more\" href=\"https:\/\/www.germancentre.com\/en\/events\/china-medtech\/\" aria-label=\"More on China Medtech\">Read More<\/a><\/div><\/div><\/div><div class=\"fusion-clearfix\"><\/div><\/div>\n<\/article>\n<article id=\"blog-1-post-13647\" class=\"fusion-post-grid post-13647 post type-post status-publish format-standard has-post-thumbnail hentry category-past-events-en tag-peking-en\">\n<div class=\"fusion-post-wrapper\" style=\"background-color:var(--awb-color1);border:1px solid var(--awb-color1);border-bottom-width:3px;\">\n\n\t\t\t<div class=\"fusion-flexslider flexslider fusion-flexslider-loading fusion-post-slideshow\" style=\"border-color:var(--awb-color1);\">\n\t\t<ul class=\"slides\">\n\t\t\t\n\t\t\t\t\t\t\t\t\t\t\t\t\t\t<li><div  class=\"fusion-image-wrapper\" aria-haspopup=\"true\">\n\t\t\t\t\t\t\t<a href=\"https:\/\/www.germancentre.com\/en\/news\/chinas-revised-law-manage-your-liability-with-rodl-partner\/\" aria-label=\"China&#8217;s revised law: Manage your liability with R\u00f6dl &#038; Partner\">\n\t\t\t\t\t\t\t<img decoding=\"async\" width=\"739\" height=\"522\" src=\"https:\/\/www.germancentre.com\/wp-content\/uploads\/2024\/06\/Untitled-design-43-e1717749674549.png\" class=\"attachment-full size-full wp-post-image\" alt=\"Ralph Koppitz, German Attorney-at-law, Partner of R\u00f6dl &amp; Partner China\" srcset=\"https:\/\/www.germancentre.com\/wp-content\/uploads\/2024\/06\/Untitled-design-43-e1717749674549-200x141.png 200w, https:\/\/www.germancentre.com\/wp-content\/uploads\/2024\/06\/Untitled-design-43-e1717749674549-400x283.png 400w, https:\/\/www.germancentre.com\/wp-content\/uploads\/2024\/06\/Untitled-design-43-e1717749674549-600x424.png 600w, https:\/\/www.germancentre.com\/wp-content\/uploads\/2024\/06\/Untitled-design-43-e1717749674549.png 739w\" sizes=\"(min-width: 2200px) 100vw, (min-width: 717px) 710px, (min-width: 640px) 717px, \" \/>\t\t\t<\/a>\n\t\t\t\t\t\t\t<\/div>\n<\/li>\n\t\t\t\n\t\t\t\n\t\t\t\t\t\t\t\t\t\t\t\t\t\t\t\t\t\t\t\t\t\t\t\t\t\t\t\t\t\t\t\t\t\t\t\t\t\t\t\t\t\t\t\t\t\t\t\t\t\t\t\t\t\t\t\t\t\t\t\t\t\t\t\t\t\t\t\t<\/ul>\n\t<\/div>\n\t<div class=\"fusion-post-content-wrapper\" style=\"padding:30px 25px 25px 25px;\"><div class=\"fusion-post-content post-content\"><h3 class=\"blog-shortcode-post-title entry-title\"><a href=\"https:\/\/www.germancentre.com\/en\/news\/chinas-revised-law-manage-your-liability-with-rodl-partner\/\">China&#8217;s revised law: Manage your liability with R\u00f6dl &#038; Partner<\/a><\/h3><p class=\"fusion-single-line-meta\"><span class=\"vcard\" style=\"display: none;\"><span class=\"fn\"><a href=\"https:\/\/www.germancentre.com\/en\/author\/erin-yang\/\" title=\"Posts by Erin Yang\" rel=\"author\">Erin Yang<\/a><\/span><\/span><span class=\"updated\" style=\"display:none;\">2025-03-18T09:02:24+00:00<\/span><a href=\"https:\/\/www.germancentre.com\/en\/past-events-en\/\" rel=\"category tag\">Past Events<\/a><span class=\"fusion-inline-sep\">|<\/span><\/p><div class=\"fusion-content-sep sep-none\"><\/div><div class=\"fusion-post-content-container\"><p>This training provides valuable insights into the increased liabilities and rights for company managers and directors in China, as imposed by the recent revisions to Chinese criminal and company law.<\/p><\/div><\/div><div class=\"fusion-meta-info\"><div class=\"fusion-alignleft\"><a class=\"fusion-read-more\" href=\"https:\/\/www.germancentre.com\/en\/news\/chinas-revised-law-manage-your-liability-with-rodl-partner\/\" aria-label=\"More on China&#8217;s revised law: Manage your liability with R\u00f6dl &#038; Partner\">Read More<\/a><\/div><\/div><\/div><div class=\"fusion-clearfix\"><\/div><\/div>\n<\/article>\n<div class=\"fusion-clearfix\"><\/div><\/div><\/div><\/div><\/div><\/div><\/div><\/p>\n","protected":false},"excerpt":{"rendered":"<p>Nehmen Sie mit uns an unserem Fr\u00fchst\u00fccks-Networking-Event am 8. M\u00e4rz teil und erleben Sie einen Vormittag der St\u00e4rkung.<\/p>\n","protected":false},"author":1,"featured_media":12954,"comment_status":"closed","ping_status":"open","sticky":false,"template":"","format":"standard","meta":{"_acf_changed":false,"footnotes":""},"categories":[142],"tags":[236],"class_list":["post-13121","post","type-post","status-publish","format-standard","has-post-thumbnail","hentry","category-past-events-en","tag-beijing"],"acf":[],"yoast_head":"<!-- This site is optimized with the Yoast SEO plugin v27.3 - https:\/\/yoast.com\/product\/yoast-seo-wordpress\/ -->\n<title>IWD breakfast event: Women in management positions - German Centres<\/title>\n<meta name=\"robots\" content=\"index, follow, max-snippet:-1, max-image-preview:large, max-video-preview:-1\" \/>\n<link rel=\"canonical\" href=\"https:\/\/www.germancentre.com\/en\/news\/iwd-breakfast-event-women-in-management-positions\/\" \/>\n<meta property=\"og:locale\" content=\"en_US\" \/>\n<meta property=\"og:type\" content=\"article\" \/>\n<meta property=\"og:title\" content=\"IWD breakfast event: Women in management positions - German Centres\" \/>\n<meta property=\"og:description\" content=\"Nehmen Sie mit uns an unserem Fr\u00fchst\u00fccks-Networking-Event am 8. M\u00e4rz teil und erleben Sie einen Vormittag der St\u00e4rkung.\" \/>\n<meta property=\"og:url\" content=\"https:\/\/www.germancentre.com\/en\/news\/iwd-breakfast-event-women-in-management-positions\/\" \/>\n<meta property=\"og:site_name\" content=\"German Centres\" \/>\n<meta property=\"article:published_time\" content=\"2024-02-29T14:27:33+00:00\" \/>\n<meta property=\"article:modified_time\" content=\"2024-04-16T12:46:31+00:00\" \/>\n<meta property=\"og:image\" content=\"https:\/\/www.germancentre.com\/wp-content\/uploads\/2023\/12\/International-Womens-Day-1920-x-1080-px-840-x-512-px.png\" \/>\n\t<meta property=\"og:image:width\" content=\"840\" \/>\n\t<meta property=\"og:image:height\" content=\"512\" \/>\n\t<meta property=\"og:image:type\" content=\"image\/png\" \/>\n<meta name=\"author\" content=\"German Centres\" \/>\n<meta name=\"twitter:card\" content=\"summary_large_image\" \/>\n<meta name=\"twitter:label1\" content=\"Written by\" \/>\n\t<meta name=\"twitter:data1\" content=\"German Centres\" \/>\n\t<meta name=\"twitter:label2\" content=\"Est. reading time\" \/>\n\t<meta name=\"twitter:data2\" content=\"3 minutes\" \/>\n<script type=\"application\/ld+json\" class=\"yoast-schema-graph\">{\"@context\":\"https:\\\/\\\/schema.org\",\"@graph\":[{\"@type\":\"Article\",\"@id\":\"https:\\\/\\\/www.germancentre.com\\\/en\\\/news\\\/iwd-breakfast-event-women-in-management-positions\\\/#article\",\"isPartOf\":{\"@id\":\"https:\\\/\\\/www.germancentre.com\\\/en\\\/news\\\/iwd-breakfast-event-women-in-management-positions\\\/\"},\"author\":{\"name\":\"German Centres\",\"@id\":\"https:\\\/\\\/www.germancentre.com\\\/en\\\/#\\\/schema\\\/person\\\/5d018daae7ace1e82d34bfc538affebe\"},\"headline\":\"IWD breakfast event: Women in management positions\",\"datePublished\":\"2024-02-29T14:27:33+00:00\",\"dateModified\":\"2024-04-16T12:46:31+00:00\",\"mainEntityOfPage\":{\"@id\":\"https:\\\/\\\/www.germancentre.com\\\/en\\\/news\\\/iwd-breakfast-event-women-in-management-positions\\\/\"},\"wordCount\":6209,\"image\":{\"@id\":\"https:\\\/\\\/www.germancentre.com\\\/en\\\/news\\\/iwd-breakfast-event-women-in-management-positions\\\/#primaryimage\"},\"thumbnailUrl\":\"https:\\\/\\\/www.germancentre.com\\\/wp-content\\\/uploads\\\/2023\\\/12\\\/International-Womens-Day-1920-x-1080-px-840-x-512-px.png\",\"keywords\":[\"Beijing\"],\"articleSection\":[\"Past Events\"],\"inLanguage\":\"en-US\"},{\"@type\":\"WebPage\",\"@id\":\"https:\\\/\\\/www.germancentre.com\\\/en\\\/news\\\/iwd-breakfast-event-women-in-management-positions\\\/\",\"url\":\"https:\\\/\\\/www.germancentre.com\\\/en\\\/news\\\/iwd-breakfast-event-women-in-management-positions\\\/\",\"name\":\"IWD breakfast event: Women in management positions - German Centres\",\"isPartOf\":{\"@id\":\"https:\\\/\\\/www.germancentre.com\\\/en\\\/#website\"},\"primaryImageOfPage\":{\"@id\":\"https:\\\/\\\/www.germancentre.com\\\/en\\\/news\\\/iwd-breakfast-event-women-in-management-positions\\\/#primaryimage\"},\"image\":{\"@id\":\"https:\\\/\\\/www.germancentre.com\\\/en\\\/news\\\/iwd-breakfast-event-women-in-management-positions\\\/#primaryimage\"},\"thumbnailUrl\":\"https:\\\/\\\/www.germancentre.com\\\/wp-content\\\/uploads\\\/2023\\\/12\\\/International-Womens-Day-1920-x-1080-px-840-x-512-px.png\",\"datePublished\":\"2024-02-29T14:27:33+00:00\",\"dateModified\":\"2024-04-16T12:46:31+00:00\",\"author\":{\"@id\":\"https:\\\/\\\/www.germancentre.com\\\/en\\\/#\\\/schema\\\/person\\\/5d018daae7ace1e82d34bfc538affebe\"},\"breadcrumb\":{\"@id\":\"https:\\\/\\\/www.germancentre.com\\\/en\\\/news\\\/iwd-breakfast-event-women-in-management-positions\\\/#breadcrumb\"},\"inLanguage\":\"en-US\",\"potentialAction\":[{\"@type\":\"ReadAction\",\"target\":[\"https:\\\/\\\/www.germancentre.com\\\/en\\\/news\\\/iwd-breakfast-event-women-in-management-positions\\\/\"]}]},{\"@type\":\"ImageObject\",\"inLanguage\":\"en-US\",\"@id\":\"https:\\\/\\\/www.germancentre.com\\\/en\\\/news\\\/iwd-breakfast-event-women-in-management-positions\\\/#primaryimage\",\"url\":\"https:\\\/\\\/www.germancentre.com\\\/wp-content\\\/uploads\\\/2023\\\/12\\\/International-Womens-Day-1920-x-1080-px-840-x-512-px.png\",\"contentUrl\":\"https:\\\/\\\/www.germancentre.com\\\/wp-content\\\/uploads\\\/2023\\\/12\\\/International-Womens-Day-1920-x-1080-px-840-x-512-px.png\",\"width\":840,\"height\":512,\"caption\":\"International Women\u2019s Day Event\"},{\"@type\":\"BreadcrumbList\",\"@id\":\"https:\\\/\\\/www.germancentre.com\\\/en\\\/news\\\/iwd-breakfast-event-women-in-management-positions\\\/#breadcrumb\",\"itemListElement\":[{\"@type\":\"ListItem\",\"position\":1,\"name\":\"Home\",\"item\":\"https:\\\/\\\/www.germancentre.com\\\/en\\\/startseite-2\\\/\"},{\"@type\":\"ListItem\",\"position\":2,\"name\":\"IWD breakfast event: Women in management positions\"}]},{\"@type\":\"WebSite\",\"@id\":\"https:\\\/\\\/www.germancentre.com\\\/en\\\/#website\",\"url\":\"https:\\\/\\\/www.germancentre.com\\\/en\\\/\",\"name\":\"German Centres\",\"description\":\"German Centres worldwide\",\"potentialAction\":[{\"@type\":\"SearchAction\",\"target\":{\"@type\":\"EntryPoint\",\"urlTemplate\":\"https:\\\/\\\/www.germancentre.com\\\/en\\\/?s={search_term_string}\"},\"query-input\":{\"@type\":\"PropertyValueSpecification\",\"valueRequired\":true,\"valueName\":\"search_term_string\"}}],\"inLanguage\":\"en-US\"},{\"@type\":\"Person\",\"@id\":\"https:\\\/\\\/www.germancentre.com\\\/en\\\/#\\\/schema\\\/person\\\/5d018daae7ace1e82d34bfc538affebe\",\"name\":\"German Centres\",\"sameAs\":[\"http:\\\/\\\/www.germancentre.com\"],\"url\":\"https:\\\/\\\/www.germancentre.com\\\/en\\\/author\\\/german-centres\\\/\"}]}<\/script>\n<!-- \/ Yoast SEO plugin. -->","yoast_head_json":{"title":"IWD breakfast event: Women in management positions - German Centres","robots":{"index":"index","follow":"follow","max-snippet":"max-snippet:-1","max-image-preview":"max-image-preview:large","max-video-preview":"max-video-preview:-1"},"canonical":"https:\/\/www.germancentre.com\/en\/news\/iwd-breakfast-event-women-in-management-positions\/","og_locale":"en_US","og_type":"article","og_title":"IWD breakfast event: Women in management positions - German Centres","og_description":"Nehmen Sie mit uns an unserem Fr\u00fchst\u00fccks-Networking-Event am 8. M\u00e4rz teil und erleben Sie einen Vormittag der St\u00e4rkung.","og_url":"https:\/\/www.germancentre.com\/en\/news\/iwd-breakfast-event-women-in-management-positions\/","og_site_name":"German Centres","article_published_time":"2024-02-29T14:27:33+00:00","article_modified_time":"2024-04-16T12:46:31+00:00","og_image":[{"width":840,"height":512,"url":"https:\/\/www.germancentre.com\/wp-content\/uploads\/2023\/12\/International-Womens-Day-1920-x-1080-px-840-x-512-px.png","type":"image\/png"}],"author":"German Centres","twitter_card":"summary_large_image","twitter_misc":{"Written by":"German Centres","Est. reading time":"3 minutes"},"schema":{"@context":"https:\/\/schema.org","@graph":[{"@type":"Article","@id":"https:\/\/www.germancentre.com\/en\/news\/iwd-breakfast-event-women-in-management-positions\/#article","isPartOf":{"@id":"https:\/\/www.germancentre.com\/en\/news\/iwd-breakfast-event-women-in-management-positions\/"},"author":{"name":"German Centres","@id":"https:\/\/www.germancentre.com\/en\/#\/schema\/person\/5d018daae7ace1e82d34bfc538affebe"},"headline":"IWD breakfast event: Women in management positions","datePublished":"2024-02-29T14:27:33+00:00","dateModified":"2024-04-16T12:46:31+00:00","mainEntityOfPage":{"@id":"https:\/\/www.germancentre.com\/en\/news\/iwd-breakfast-event-women-in-management-positions\/"},"wordCount":6209,"image":{"@id":"https:\/\/www.germancentre.com\/en\/news\/iwd-breakfast-event-women-in-management-positions\/#primaryimage"},"thumbnailUrl":"https:\/\/www.germancentre.com\/wp-content\/uploads\/2023\/12\/International-Womens-Day-1920-x-1080-px-840-x-512-px.png","keywords":["Beijing"],"articleSection":["Past Events"],"inLanguage":"en-US"},{"@type":"WebPage","@id":"https:\/\/www.germancentre.com\/en\/news\/iwd-breakfast-event-women-in-management-positions\/","url":"https:\/\/www.germancentre.com\/en\/news\/iwd-breakfast-event-women-in-management-positions\/","name":"IWD breakfast event: Women in management positions - German Centres","isPartOf":{"@id":"https:\/\/www.germancentre.com\/en\/#website"},"primaryImageOfPage":{"@id":"https:\/\/www.germancentre.com\/en\/news\/iwd-breakfast-event-women-in-management-positions\/#primaryimage"},"image":{"@id":"https:\/\/www.germancentre.com\/en\/news\/iwd-breakfast-event-women-in-management-positions\/#primaryimage"},"thumbnailUrl":"https:\/\/www.germancentre.com\/wp-content\/uploads\/2023\/12\/International-Womens-Day-1920-x-1080-px-840-x-512-px.png","datePublished":"2024-02-29T14:27:33+00:00","dateModified":"2024-04-16T12:46:31+00:00","author":{"@id":"https:\/\/www.germancentre.com\/en\/#\/schema\/person\/5d018daae7ace1e82d34bfc538affebe"},"breadcrumb":{"@id":"https:\/\/www.germancentre.com\/en\/news\/iwd-breakfast-event-women-in-management-positions\/#breadcrumb"},"inLanguage":"en-US","potentialAction":[{"@type":"ReadAction","target":["https:\/\/www.germancentre.com\/en\/news\/iwd-breakfast-event-women-in-management-positions\/"]}]},{"@type":"ImageObject","inLanguage":"en-US","@id":"https:\/\/www.germancentre.com\/en\/news\/iwd-breakfast-event-women-in-management-positions\/#primaryimage","url":"https:\/\/www.germancentre.com\/wp-content\/uploads\/2023\/12\/International-Womens-Day-1920-x-1080-px-840-x-512-px.png","contentUrl":"https:\/\/www.germancentre.com\/wp-content\/uploads\/2023\/12\/International-Womens-Day-1920-x-1080-px-840-x-512-px.png","width":840,"height":512,"caption":"International Women\u2019s Day Event"},{"@type":"BreadcrumbList","@id":"https:\/\/www.germancentre.com\/en\/news\/iwd-breakfast-event-women-in-management-positions\/#breadcrumb","itemListElement":[{"@type":"ListItem","position":1,"name":"Home","item":"https:\/\/www.germancentre.com\/en\/startseite-2\/"},{"@type":"ListItem","position":2,"name":"IWD breakfast event: Women in management positions"}]},{"@type":"WebSite","@id":"https:\/\/www.germancentre.com\/en\/#website","url":"https:\/\/www.germancentre.com\/en\/","name":"German Centres","description":"German Centres worldwide","potentialAction":[{"@type":"SearchAction","target":{"@type":"EntryPoint","urlTemplate":"https:\/\/www.germancentre.com\/en\/?s={search_term_string}"},"query-input":{"@type":"PropertyValueSpecification","valueRequired":true,"valueName":"search_term_string"}}],"inLanguage":"en-US"},{"@type":"Person","@id":"https:\/\/www.germancentre.com\/en\/#\/schema\/person\/5d018daae7ace1e82d34bfc538affebe","name":"German Centres","sameAs":["http:\/\/www.germancentre.com"],"url":"https:\/\/www.germancentre.com\/en\/author\/german-centres\/"}]}},"_links":{"self":[{"href":"https:\/\/www.germancentre.com\/en\/wp-json\/wp\/v2\/posts\/13121","targetHints":{"allow":["GET"]}}],"collection":[{"href":"https:\/\/www.germancentre.com\/en\/wp-json\/wp\/v2\/posts"}],"about":[{"href":"https:\/\/www.germancentre.com\/en\/wp-json\/wp\/v2\/types\/post"}],"author":[{"embeddable":true,"href":"https:\/\/www.germancentre.com\/en\/wp-json\/wp\/v2\/users\/1"}],"replies":[{"embeddable":true,"href":"https:\/\/www.germancentre.com\/en\/wp-json\/wp\/v2\/comments?post=13121"}],"version-history":[{"count":2,"href":"https:\/\/www.germancentre.com\/en\/wp-json\/wp\/v2\/posts\/13121\/revisions"}],"predecessor-version":[{"id":13124,"href":"https:\/\/www.germancentre.com\/en\/wp-json\/wp\/v2\/posts\/13121\/revisions\/13124"}],"wp:featuredmedia":[{"embeddable":true,"href":"https:\/\/www.germancentre.com\/en\/wp-json\/wp\/v2\/media\/12954"}],"wp:attachment":[{"href":"https:\/\/www.germancentre.com\/en\/wp-json\/wp\/v2\/media?parent=13121"}],"wp:term":[{"taxonomy":"category","embeddable":true,"href":"https:\/\/www.germancentre.com\/en\/wp-json\/wp\/v2\/categories?post=13121"},{"taxonomy":"post_tag","embeddable":true,"href":"https:\/\/www.germancentre.com\/en\/wp-json\/wp\/v2\/tags?post=13121"}],"curies":[{"name":"wp","href":"https:\/\/api.w.org\/{rel}","templated":true}]}}